{"id":1,"name":"admin","url":"http:\/\/www.ladessalinienne.fr","description":"","link":"http:\/\/www.ladessalinienne.fr\/nl\/author\/admin\/","slug":"admin","avatar_urls":{"24":"https:\/\/secure.gravatar.com\/avatar\/e81d8cc609c260541d04957caa0976f1f6db52da9933686d860028a4ef2a9c37?s=24&d=mm&r=g","48":"https:\/\/secure.gravatar.com\/avatar\/e81d8cc609c260541d04957caa0976f1f6db52da9933686d860028a4ef2a9c37?s=48&d=mm&r=g","96":"https:\/\/secure.gravatar.com\/avatar\/e81d8cc609c260541d04957caa0976f1f6db52da9933686d860028a4ef2a9c37?s=96&d=mm&r=g"},"meta":[],"acf":[],"yoast_head":"<!-- This site is optimized with the Yoast SEO plugin v26.9 - https:\/\/yoast.com\/product\/yoast-seo-wordpress\/ -->\n<title>Accueil<\/title>\n<meta name=\"description\" content=\"Villa 9 personnes \u00e0 louer dans le Var, ultra confort (climatisation, jardin, grande piscine...). Id\u00e9ale pour randonneurs et cyclistes\" \/>\n<meta name=\"robots\" content=\"index, follow, max-snippet:-1, max-image-preview:large, max-video-preview:-1\" \/>\n<link rel=\"canonical\" href=\"http:\/\/LA%20DESSALINIENNE%20LA%20DESSALINIENNE%2043\u00b0%2027\u2032%20N,%206\u00b0%2018\u2032%20W%20To%20do%20...%20or%20not%20Vacances%20sportives,%20d\u00e9couvertes%20ou%20d\u00e9tente%20...%20laissez-vous%20transporter%20!%20La%20destin\u00e9e%20nous%20a%20offert%20une%20villa%20nich\u00e9e%20dans%20l\u2019arri\u00e8re-pays%20varois,%20quelque%20part%20\u00e0%20c\u00f4t\u00e9%20de%20la%20plaine%20des%20Maures,%20du%20golfe%20de%20Saint-Tropez,%20non%20loin%20du%20Verdon%20ou%20de%20la&hellip;\" \/>\n<meta property=\"og:locale\" content=\"nl_BE\" \/>\n<meta property=\"og:type\" content=\"profile\" \/>\n<meta property=\"og:title\" content=\"Accueil\" \/>\n<meta property=\"og:description\" content=\"Villa 9 personnes \u00e0 louer dans le Var, ultra confort (climatisation, jardin, grande piscine...). Id\u00e9ale pour randonneurs et cyclistes\" \/>\n<meta property=\"og:url\" content=\"https:\/\/www.ladessalinienne.fr\/author\/admin\/\" \/>\n<meta property=\"og:site_name\" content=\"La Dessalinienne\" \/>\n<meta property=\"og:image\" content=\"https:\/\/secure.gravatar.com\/avatar\/e81d8cc609c260541d04957caa0976f1f6db52da9933686d860028a4ef2a9c37?s=500&d=mm&r=g\" \/>\n<meta name=\"twitter:card\" content=\"summary_large_image\" \/>\n<script type=\"application\/ld+json\" class=\"yoast-schema-graph\">{\"@context\":\"https:\/\/schema.org\",\"@graph\":[{\"@type\":\"ProfilePage\",\"@id\":\"https:\/\/www.ladessalinienne.fr\/author\/admin\/\",\"url\":\"https:\/\/www.ladessalinienne.fr\/author\/admin\/\",\"name\":\"admin, auteur\/autrice sur La Dessalinienne\",\"isPartOf\":{\"@id\":\"http:\/\/www.ladessalinienne.fr\/#website\"},\"breadcrumb\":{\"@id\":\"https:\/\/www.ladessalinienne.fr\/author\/admin\/#breadcrumb\"},\"inLanguage\":\"nl-BE\",\"potentialAction\":[{\"@type\":\"ReadAction\",\"target\":[\"https:\/\/www.ladessalinienne.fr\/author\/admin\/\"]}]},{\"@type\":\"BreadcrumbList\",\"@id\":\"https:\/\/www.ladessalinienne.fr\/author\/admin\/#breadcrumb\",\"itemListElement\":[{\"@type\":\"ListItem\",\"position\":1,\"name\":\"Accueil\",\"item\":\"https:\/\/www.ladessalinienne.fr\/\"},{\"@type\":\"ListItem\",\"position\":2,\"name\":\"Archives pour admin\"}]},{\"@type\":\"WebSite\",\"@id\":\"http:\/\/www.ladessalinienne.fr\/nl\/#website\",\"url\":\"http:\/\/www.ladessalinienne.fr\/nl\/\",\"name\":\"La Dessalinienne\",\"description\":\"Tussen zee en berg\",\"publisher\":{\"@id\":\"http:\/\/www.ladessalinienne.fr\/nl\/#organization\"},\"potentialAction\":[{\"@type\":\"SearchAction\",\"target\":{\"@type\":\"EntryPoint\",\"urlTemplate\":\"http:\/\/www.ladessalinienne.fr\/nl\/?s={search_term_string}\"},\"query-input\":{\"@type\":\"PropertyValueSpecification\",\"valueRequired\":true,\"valueName\":\"search_term_string\"}}],\"inLanguage\":\"nl-BE\"},{\"@type\":\"Organization\",\"@id\":\"http:\/\/www.ladessalinienne.fr\/nl\/#organization\",\"name\":\"La Dessalinienne\",\"url\":\"http:\/\/www.ladessalinienne.fr\/nl\/\",\"logo\":{\"@type\":\"ImageObject\",\"inLanguage\":\"nl-BE\",\"@id\":\"http:\/\/www.ladessalinienne.fr\/nl\/#\/schema\/logo\/image\/\",\"url\":\"https:\/\/www.ladessalinienne.fr\/wp-content\/uploads\/2023\/05\/logo_rond.png\",\"contentUrl\":\"https:\/\/www.ladessalinienne.fr\/wp-content\/uploads\/2023\/05\/logo_rond.png\",\"width\":673,\"height\":674,\"caption\":\"La Dessalinienne\"},\"image\":{\"@id\":\"http:\/\/www.ladessalinienne.fr\/nl\/#\/schema\/logo\/image\/\"},\"sameAs\":[\"https:\/\/www.facebook.com\/La.Dessalinienne.83340\/\",\"https:\/\/www.instagram.com\/ladessaliniennevar\/\",\"https:\/\/www.strava.com\/clubs\/1182649\"]},{\"@type\":\"Person\",\"@id\":\"http:\/\/www.ladessalinienne.fr\/#\/schema\/person\/8b82a558b5881471e6317289e763e41e\",\"name\":\"admin\",\"image\":{\"@type\":\"ImageObject\",\"inLanguage\":\"nl-BE\",\"@id\":\"http:\/\/www.ladessalinienne.fr\/#\/schema\/person\/image\/\",\"url\":\"https:\/\/secure.gravatar.com\/avatar\/e81d8cc609c260541d04957caa0976f1f6db52da9933686d860028a4ef2a9c37?s=96&d=mm&r=g\",\"contentUrl\":\"https:\/\/secure.gravatar.com\/avatar\/e81d8cc609c260541d04957caa0976f1f6db52da9933686d860028a4ef2a9c37?s=96&d=mm&r=g\",\"caption\":\"admin\"},\"sameAs\":[\"http:\/\/www.ladessalinienne.fr\"],\"mainEntityOfPage\":{\"@id\":\"https:\/\/www.ladessalinienne.fr\/author\/admin\/\"}}]}<\/script>\n<!-- \/ Yoast SEO plugin. -->","yoast_head_json":{"title":"Accueil","description":"Villa 9 personnes \u00e0 louer dans le Var, ultra confort (climatisation, jardin, grande piscine...). Id\u00e9ale pour randonneurs et cyclistes","robots":{"index":"index","follow":"follow","max-snippet":"max-snippet:-1","max-image-preview":"max-image-preview:large","max-video-preview":"max-video-preview:-1"},"canonical":"LA DESSALINIENNE LA DESSALINIENNE 43\u00b0 27\u2032 N, 6\u00b0 18\u2032 W To do ... or not Vacances sportives, d\u00e9couvertes ou d\u00e9tente ... laissez-vous transporter ! La destin\u00e9e nous a offert une villa nich\u00e9e dans l\u2019arri\u00e8re-pays varois, quelque part \u00e0 c\u00f4t\u00e9 de la plaine des Maures, du golfe de Saint-Tropez, non loin du Verdon ou de la&hellip;","og_locale":"nl_BE","og_type":"profile","og_title":"Accueil","og_description":"Villa 9 personnes \u00e0 louer dans le Var, ultra confort (climatisation, jardin, grande piscine...). Id\u00e9ale pour randonneurs et cyclistes","og_url":"https:\/\/www.ladessalinienne.fr\/author\/admin\/","og_site_name":"La Dessalinienne","og_image":[{"url":"https:\/\/secure.gravatar.com\/avatar\/e81d8cc609c260541d04957caa0976f1f6db52da9933686d860028a4ef2a9c37?s=500&d=mm&r=g","type":"","width":"","height":""}],"twitter_card":"summary_large_image","schema":{"@context":"https:\/\/schema.org","@graph":[{"@type":"ProfilePage","@id":"https:\/\/www.ladessalinienne.fr\/author\/admin\/","url":"https:\/\/www.ladessalinienne.fr\/author\/admin\/","name":"admin, auteur\/autrice sur La Dessalinienne","isPartOf":{"@id":"http:\/\/www.ladessalinienne.fr\/#website"},"breadcrumb":{"@id":"https:\/\/www.ladessalinienne.fr\/author\/admin\/#breadcrumb"},"inLanguage":"nl-BE","potentialAction":[{"@type":"ReadAction","target":["https:\/\/www.ladessalinienne.fr\/author\/admin\/"]}]},{"@type":"BreadcrumbList","@id":"https:\/\/www.ladessalinienne.fr\/author\/admin\/#breadcrumb","itemListElement":[{"@type":"ListItem","position":1,"name":"Accueil","item":"https:\/\/www.ladessalinienne.fr\/"},{"@type":"ListItem","position":2,"name":"Archives pour admin"}]},{"@type":"WebSite","@id":"http:\/\/www.ladessalinienne.fr\/nl\/#website","url":"http:\/\/www.ladessalinienne.fr\/nl\/","name":"La Dessalinienne","description":"Tussen zee en berg","publisher":{"@id":"http:\/\/www.ladessalinienne.fr\/nl\/#organization"},"potentialAction":[{"@type":"SearchAction","target":{"@type":"EntryPoint","urlTemplate":"http:\/\/www.ladessalinienne.fr\/nl\/?s={search_term_string}"},"query-input":{"@type":"PropertyValueSpecification","valueRequired":true,"valueName":"search_term_string"}}],"inLanguage":"nl-BE"},{"@type":"Organization","@id":"http:\/\/www.ladessalinienne.fr\/nl\/#organization","name":"La Dessalinienne","url":"http:\/\/www.ladessalinienne.fr\/nl\/","logo":{"@type":"ImageObject","inLanguage":"nl-BE","@id":"http:\/\/www.ladessalinienne.fr\/nl\/#\/schema\/logo\/image\/","url":"https:\/\/www.ladessalinienne.fr\/wp-content\/uploads\/2023\/05\/logo_rond.png","contentUrl":"https:\/\/www.ladessalinienne.fr\/wp-content\/uploads\/2023\/05\/logo_rond.png","width":673,"height":674,"caption":"La Dessalinienne"},"image":{"@id":"http:\/\/www.ladessalinienne.fr\/nl\/#\/schema\/logo\/image\/"},"sameAs":["https:\/\/www.facebook.com\/La.Dessalinienne.83340\/","https:\/\/www.instagram.com\/ladessaliniennevar\/","https:\/\/www.strava.com\/clubs\/1182649"]},{"@type":"Person","@id":"http:\/\/www.ladessalinienne.fr\/#\/schema\/person\/8b82a558b5881471e6317289e763e41e","name":"admin","image":{"@type":"ImageObject","inLanguage":"nl-BE","@id":"http:\/\/www.ladessalinienne.fr\/#\/schema\/person\/image\/","url":"https:\/\/secure.gravatar.com\/avatar\/e81d8cc609c260541d04957caa0976f1f6db52da9933686d860028a4ef2a9c37?s=96&d=mm&r=g","contentUrl":"https:\/\/secure.gravatar.com\/avatar\/e81d8cc609c260541d04957caa0976f1f6db52da9933686d860028a4ef2a9c37?s=96&d=mm&r=g","caption":"admin"},"sameAs":["http:\/\/www.ladessalinienne.fr"],"mainEntityOfPage":{"@id":"https:\/\/www.ladessalinienne.fr\/author\/admin\/"}}]}},"_links":{"self":[{"href":"http:\/\/www.ladessalinienne.fr\/nl\/wp-json\/wp\/v2\/users\/1","targetHints":{"allow":["GET"]}}],"collection":[{"href":"http:\/\/www.ladessalinienne.fr\/nl\/wp-json\/wp\/v2\/users"}]}}